[{"@context":"https:\/\/schema.org\/","@type":"Blog","@id":"https:\/\/www.doel.cz#Blog","headline":"Doel","description":"\nNikdy si nem\u016f\u017eete b\u00fdt jisti t\u00edm, \u017ee je to, co se v\u00e1m na internetu nab\u00edz\u00ed, to nejlep\u0161\u00ed. Ale kdy\u017e si prov\u011b\u0159\u00edte na\u0161i nab\u00eddku, budete ur\u010dit\u011b nav\u00fdsost spokojen\u00ed.","url":"https:\/\/www.doel.cz","hasPart":[{"@type":"Article","@id":"https:\/\/www.doel.cz\/mate-horecku-i-kdyz-vas-nic-netrapi\/","headline":"M\u00e1te hore\u010dku, i kdy\u017e v\u00e1s nic netr\u00e1p\u00ed?","url":"https:\/\/www.doel.cz\/mate-horecku-i-kdyz-vas-nic-netrapi\/","datePublished":"2026-02-25","dateModified":"2026-02-25","mainEntityOfPage":"https:\/\/www.doel.cz\/mate-horecku-i-kdyz-vas-nic-netrapi\/","author":{"@type":"Person","@id":"https:\/\/www.doel.cz\/author\/#Person","name":"","url":"https:\/\/www.doel.cz\/author\/","identifier":1,"image":{"@type":"ImageObject","@id":"https:\/\/secure.gravatar.com\/avatar\/11f8c6ff4d174e1ebef1d6401491d0892ff6534e7a3312fbf752a8f90a4375cd?s=96&d=mm&r=g","url":"https:\/\/secure.gravatar.com\/avatar\/11f8c6ff4d174e1ebef1d6401491d0892ff6534e7a3312fbf752a8f90a4375cd?s=96&d=mm&r=g","height":96,"width":96}},"publisher":{"@type":"Organization","name":"doel.cz","logo":{"@type":"ImageObject","@id":"\/logo.png","url":"\/logo.png","width":600,"height":60}},"image":null,"wordCount":554,"keywords":null},{"@type":"Article","@id":"https:\/\/www.doel.cz\/jak-vylepsit-hodnoceni-ve-vyhledavani-jenom-za-pouziti-strategie-internich-odkazu\/","headline":"Jak vylep\u0161it hodnocen\u00ed ve vyhled\u00e1v\u00e1n\u00ed jenom za pou\u017eit\u00ed strategie intern\u00edch odkaz\u016f","url":"https:\/\/www.doel.cz\/jak-vylepsit-hodnoceni-ve-vyhledavani-jenom-za-pouziti-strategie-internich-odkazu\/","datePublished":"2026-02-09","dateModified":"2026-02-09","mainEntityOfPage":"https:\/\/www.doel.cz\/jak-vylepsit-hodnoceni-ve-vyhledavani-jenom-za-pouziti-strategie-internich-odkazu\/","author":{"@type":"Person","@id":"https:\/\/www.doel.cz\/author\/#Person","name":"","url":"https:\/\/www.doel.cz\/author\/","identifier":1,"image":{"@type":"ImageObject","@id":"https:\/\/secure.gravatar.com\/avatar\/11f8c6ff4d174e1ebef1d6401491d0892ff6534e7a3312fbf752a8f90a4375cd?s=96&d=mm&r=g","url":"https:\/\/secure.gravatar.com\/avatar\/11f8c6ff4d174e1ebef1d6401491d0892ff6534e7a3312fbf752a8f90a4375cd?s=96&d=mm&r=g","height":96,"width":96}},"publisher":{"@type":"Organization","name":"doel.cz","logo":{"@type":"ImageObject","@id":"\/logo.png","url":"\/logo.png","width":600,"height":60}},"image":null,"wordCount":1932,"keywords":null},{"@type":"Article","@id":"https:\/\/www.doel.cz\/dekorace-je-idealni-darek-pro-pratele\/","headline":"Dekorace je ide\u00e1ln\u00ed d\u00e1rek pro p\u0159\u00e1tel\u00e9","url":"https:\/\/www.doel.cz\/dekorace-je-idealni-darek-pro-pratele\/","datePublished":"2025-04-23","dateModified":"2025-04-23","mainEntityOfPage":"https:\/\/www.doel.cz\/dekorace-je-idealni-darek-pro-pratele\/","author":{"@type":"Person","@id":"https:\/\/www.doel.cz\/author\/#Person","name":"","url":"https:\/\/www.doel.cz\/author\/","identifier":1,"image":{"@type":"ImageObject","@id":"https:\/\/secure.gravatar.com\/avatar\/11f8c6ff4d174e1ebef1d6401491d0892ff6534e7a3312fbf752a8f90a4375cd?s=96&d=mm&r=g","url":"https:\/\/secure.gravatar.com\/avatar\/11f8c6ff4d174e1ebef1d6401491d0892ff6534e7a3312fbf752a8f90a4375cd?s=96&d=mm&r=g","height":96,"width":96}},"publisher":{"@type":"Organization","name":"doel.cz","logo":{"@type":"ImageObject","@id":"\/logo.png","url":"\/logo.png","width":600,"height":60}},"image":null,"wordCount":251,"keywords":null},{"@type":"Article","@id":"https:\/\/www.doel.cz\/sedaci-soupravy\/","headline":"Sedac\u00ed soupravy","url":"https:\/\/www.doel.cz\/sedaci-soupravy\/","datePublished":"2025-04-17","dateModified":"2025-04-17","mainEntityOfPage":"https:\/\/www.doel.cz\/sedaci-soupravy\/","author":{"@type":"Person","@id":"https:\/\/www.doel.cz\/author\/#Person","name":"","url":"https:\/\/www.doel.cz\/author\/","identifier":1,"image":{"@type":"ImageObject","@id":"https:\/\/secure.gravatar.com\/avatar\/11f8c6ff4d174e1ebef1d6401491d0892ff6534e7a3312fbf752a8f90a4375cd?s=96&d=mm&r=g","url":"https:\/\/secure.gravatar.com\/avatar\/11f8c6ff4d174e1ebef1d6401491d0892ff6534e7a3312fbf752a8f90a4375cd?s=96&d=mm&r=g","height":96,"width":96}},"publisher":{"@type":"Organization","name":"doel.cz","logo":{"@type":"ImageObject","@id":"\/logo.png","url":"\/logo.png","width":600,"height":60}},"image":null,"wordCount":225,"keywords":null},{"@type":"Article","@id":"https:\/\/www.doel.cz\/inzerujte-vase-nabidky\/","headline":"Inzerujte va\u0161e nab\u00eddky","url":"https:\/\/www.doel.cz\/inzerujte-vase-nabidky\/","datePublished":"2025-04-12","dateModified":"2025-04-12","mainEntityOfPage":"https:\/\/www.doel.cz\/inzerujte-vase-nabidky\/","author":{"@type":"Person","@id":"https:\/\/www.doel.cz\/author\/#Person","name":"","url":"https:\/\/www.doel.cz\/author\/","identifier":1,"image":{"@type":"ImageObject","@id":"https:\/\/secure.gravatar.com\/avatar\/11f8c6ff4d174e1ebef1d6401491d0892ff6534e7a3312fbf752a8f90a4375cd?s=96&d=mm&r=g","url":"https:\/\/secure.gravatar.com\/avatar\/11f8c6ff4d174e1ebef1d6401491d0892ff6534e7a3312fbf752a8f90a4375cd?s=96&d=mm&r=g","height":96,"width":96}},"publisher":{"@type":"Organization","name":"doel.cz","logo":{"@type":"ImageObject","@id":"\/logo.png","url":"\/logo.png","width":600,"height":60}},"image":null,"wordCount":164,"keywords":null},{"@type":"Article","@id":"https:\/\/www.doel.cz\/pustte-slunce-do-bytu\/","headline":"Pus\u0165te slunce do bytu","url":"https:\/\/www.doel.cz\/pustte-slunce-do-bytu\/","datePublished":"2025-04-05","dateModified":"2025-04-05","mainEntityOfPage":"https:\/\/www.doel.cz\/pustte-slunce-do-bytu\/","author":{"@type":"Person","@id":"https:\/\/www.doel.cz\/author\/#Person","name":"","url":"https:\/\/www.doel.cz\/author\/","identifier":1,"image":{"@type":"ImageObject","@id":"https:\/\/secure.gravatar.com\/avatar\/11f8c6ff4d174e1ebef1d6401491d0892ff6534e7a3312fbf752a8f90a4375cd?s=96&d=mm&r=g","url":"https:\/\/secure.gravatar.com\/avatar\/11f8c6ff4d174e1ebef1d6401491d0892ff6534e7a3312fbf752a8f90a4375cd?s=96&d=mm&r=g","height":96,"width":96}},"publisher":{"@type":"Organization","name":"doel.cz","logo":{"@type":"ImageObject","@id":"\/logo.png","url":"\/logo.png","width":600,"height":60}},"image":null,"wordCount":237,"keywords":null},{"@type":"Article","@id":"https:\/\/www.doel.cz\/vysoka-kvalita-nemusi-stat-velke-penize-to-u-nas-poznate\/","headline":"Vysok\u00e1 kvalita nemus\u00ed st\u00e1t velk\u00e9 pen\u00edze, to u n\u00e1s pozn\u00e1te","url":"https:\/\/www.doel.cz\/vysoka-kvalita-nemusi-stat-velke-penize-to-u-nas-poznate\/","datePublished":"2025-03-25","dateModified":"2025-03-25","mainEntityOfPage":"https:\/\/www.doel.cz\/vysoka-kvalita-nemusi-stat-velke-penize-to-u-nas-poznate\/","author":{"@type":"Person","@id":"https:\/\/www.doel.cz\/author\/#Person","name":"","url":"https:\/\/www.doel.cz\/author\/","identifier":1,"image":{"@type":"ImageObject","@id":"https:\/\/secure.gravatar.com\/avatar\/11f8c6ff4d174e1ebef1d6401491d0892ff6534e7a3312fbf752a8f90a4375cd?s=96&d=mm&r=g","url":"https:\/\/secure.gravatar.com\/avatar\/11f8c6ff4d174e1ebef1d6401491d0892ff6534e7a3312fbf752a8f90a4375cd?s=96&d=mm&r=g","height":96,"width":96}},"publisher":{"@type":"Organization","name":"doel.cz","logo":{"@type":"ImageObject","@id":"\/logo.png","url":"\/logo.png","width":600,"height":60}},"image":null,"wordCount":285,"keywords":null},{"@type":"Article","@id":"https:\/\/www.doel.cz\/kdy-nam-pohyb-nesvedci\/","headline":"Kdy n\u00e1m pohyb nesv\u011bd\u010d\u00ed","url":"https:\/\/www.doel.cz\/kdy-nam-pohyb-nesvedci\/","datePublished":"2025-03-21","dateModified":"2025-03-21","mainEntityOfPage":"https:\/\/www.doel.cz\/kdy-nam-pohyb-nesvedci\/","author":{"@type":"Person","@id":"https:\/\/www.doel.cz\/author\/#Person","name":"","url":"https:\/\/www.doel.cz\/author\/","identifier":1,"image":{"@type":"ImageObject","@id":"https:\/\/secure.gravatar.com\/avatar\/11f8c6ff4d174e1ebef1d6401491d0892ff6534e7a3312fbf752a8f90a4375cd?s=96&d=mm&r=g","url":"https:\/\/secure.gravatar.com\/avatar\/11f8c6ff4d174e1ebef1d6401491d0892ff6534e7a3312fbf752a8f90a4375cd?s=96&d=mm&r=g","height":96,"width":96}},"publisher":{"@type":"Organization","name":"doel.cz","logo":{"@type":"ImageObject","@id":"\/logo.png","url":"\/logo.png","width":600,"height":60}},"image":null,"wordCount":550,"keywords":null},{"@type":"Article","@id":"https:\/\/www.doel.cz\/reklamni-mohou-byt-i-leginy\/","headline":"Reklamn\u00ed mohou b\u00fdt i leg\u00edny","url":"https:\/\/www.doel.cz\/reklamni-mohou-byt-i-leginy\/","datePublished":"2025-03-17","dateModified":"2025-03-17","mainEntityOfPage":"https:\/\/www.doel.cz\/reklamni-mohou-byt-i-leginy\/","author":{"@type":"Person","@id":"https:\/\/www.doel.cz\/author\/#Person","name":"","url":"https:\/\/www.doel.cz\/author\/","identifier":1,"image":{"@type":"ImageObject","@id":"https:\/\/secure.gravatar.com\/avatar\/11f8c6ff4d174e1ebef1d6401491d0892ff6534e7a3312fbf752a8f90a4375cd?s=96&d=mm&r=g","url":"https:\/\/secure.gravatar.com\/avatar\/11f8c6ff4d174e1ebef1d6401491d0892ff6534e7a3312fbf752a8f90a4375cd?s=96&d=mm&r=g","height":96,"width":96}},"publisher":{"@type":"Organization","name":"doel.cz","logo":{"@type":"ImageObject","@id":"\/logo.png","url":"\/logo.png","width":600,"height":60}},"image":null,"wordCount":301,"keywords":null},{"@type":"Article","@id":"https:\/\/www.doel.cz\/vase-pocitacova-mys-vas-muze-udat\/","headline":"Va\u0161e po\u010d\u00edta\u010dov\u00e1 my\u0161 V\u00e1s m\u016f\u017ee udat","url":"https:\/\/www.doel.cz\/vase-pocitacova-mys-vas-muze-udat\/","datePublished":"2025-03-16","dateModified":"2025-03-16","mainEntityOfPage":"https:\/\/www.doel.cz\/vase-pocitacova-mys-vas-muze-udat\/","author":{"@type":"Person","@id":"https:\/\/www.doel.cz\/author\/#Person","name":"","url":"https:\/\/www.doel.cz\/author\/","identifier":1,"image":{"@type":"ImageObject","@id":"https:\/\/secure.gravatar.com\/avatar\/11f8c6ff4d174e1ebef1d6401491d0892ff6534e7a3312fbf752a8f90a4375cd?s=96&d=mm&r=g","url":"https:\/\/secure.gravatar.com\/avatar\/11f8c6ff4d174e1ebef1d6401491d0892ff6534e7a3312fbf752a8f90a4375cd?s=96&d=mm&r=g","height":96,"width":96}},"publisher":{"@type":"Organization","name":"doel.cz","logo":{"@type":"ImageObject","@id":"\/logo.png","url":"\/logo.png","width":600,"height":60}},"image":{"@type":"ImageObject","@id":"https:\/\/www.doel.cz\/wp-content\/uploads\/img_a295369_w2058_t1506782019.jpg","url":"https:\/\/www.doel.cz\/wp-content\/uploads\/img_a295369_w2058_t1506782019.jpg","height":0,"width":0},"wordCount":602,"keywords":null}]},{"@context":"https:\/\/schema.org","@type":"WebSite","@id":"https:\/\/www.doel.cz\/#website","name":"Doel","url":"https:\/\/www.doel.cz","potentialAction":{"@type":"SearchAction","target":"https:\/\/www.doel.cz\/?s={search_term_string}","query-input":"required name=search_term_string"}}]